[{"@context":"https:\/\/schema.org\/","@type":"Article","@id":"https:\/\/www.thebouda.cz\/ten-pravy-material-pro-vas-dum\/#Article","mainEntityOfPage":"https:\/\/www.thebouda.cz\/ten-pravy-material-pro-vas-dum\/","headline":"Ten prav\u00fd materi\u00e1l pro V\u00e1\u0161 d\u016fm","name":"Ten prav\u00fd materi\u00e1l pro V\u00e1\u0161 d\u016fm","description":"Chcete, aby vypadal V\u00e1\u0161 d\u016fm opravdu dob\u0159e a origin\u00e1ln\u011b? M\u00e1te r\u00e1di p\u0159\u00edrodu, a proto dost \u010dasto vyu\u017e\u00edv\u00e1te p\u0159\u00edrodn\u00ed materi\u00e1ly? Hled\u00e1te&hellip; <a class=\"read-more\" href=\"https:\/\/www.thebouda.cz\/ten-pravy-material-pro-vas-dum\/\">Pokra\u010dovat ve \u010dten\u00ed<\/a>","datePublished":"2024-04-27","dateModified":"2024-04-27","author":{"@type":"Person","@id":"https:\/\/www.thebouda.cz\/author\/#Person","name":"","url":"https:\/\/www.thebouda.cz\/author\/","identifier":1,"image":{"@type":"ImageObject","@id":"https:\/\/secure.gravatar.com\/avatar\/8e6cbe5510d042e6a0b15162e198f2fd22eed76a4b5a1734d2174c652daccabc?s=96&d=mm&r=g","url":"https:\/\/secure.gravatar.com\/avatar\/8e6cbe5510d042e6a0b15162e198f2fd22eed76a4b5a1734d2174c652daccabc?s=96&d=mm&r=g","height":96,"width":96}},"publisher":{"@type":"Organization","name":"thebouda.cz","logo":{"@type":"ImageObject","@id":"\/logo.png","url":"\/logo.png","width":600,"height":60}},"url":"https:\/\/www.thebouda.cz\/ten-pravy-material-pro-vas-dum\/","wordCount":250,"articleBody":"Chcete, aby vypadal V\u00e1\u0161 d\u016fm opravdu dob\u0159e a origin\u00e1ln\u011b? M\u00e1te r\u00e1di p\u0159\u00edrodu, a proto dost \u010dasto vyu\u017e\u00edv\u00e1te p\u0159\u00edrodn\u00ed materi\u00e1ly? Hled\u00e1te r\u016fzn\u00e9 mo\u017enosti, kde byste je mohli pou\u017e\u00edt a t\u00edm ozvl\u00e1\u0161tnit Va\u0161e bydlen\u00ed? Nebo V\u00e1m ani tak nejde o p\u0159\u00edrodn\u00ed materi\u00e1ly, ale chcete, aby v\u0161echno vypadalo dob\u0159e a p\u0159\u00edjemn\u011b? Tak to pro V\u00e1s m\u00e1me n\u011bco, co by V\u00e1s rozhodn\u011b mohlo zaujmout. Obkladov\u00e9 kameny jsou vhodn\u00e9 t\u00e9m\u011b\u0159 pro ka\u017ed\u00fd typ domu. Maj\u00ed skv\u011bl\u00e9 vlastnosti, jako nap\u0159\u00edklad dlouhodobou \u017eivotnost, odolnost proti p\u0159\u00edrodn\u00edm vliv\u016fm nebo tak\u00e9 dobrou izolaci.Vsa\u010fte na prav\u00fd k\u00e1menProto je jen na V\u00e1s, jak a kam se je rozhodnete vyu\u017e\u00edt. Sv\u00e9 m\u00edsto si najdou toti\u017e i v interi\u00e9ru, kter\u00fd dok\u00e1\u017e\u00ed skv\u011ble o\u017eivit a ozvl\u00e1\u0161tnit. Nen\u00ed to ov\u0161em jedin\u00e1 mo\u017enost, jak je m\u016f\u017eete pou\u017e\u00edt. Sv\u00e9 m\u00edsto si tak\u00e9 najdou na zahrad\u011b, kde je m\u016f\u017eete vyu\u017e\u00edt p\u0159i tvorb\u011b r\u016fzn\u00fdch cest nebo jako ozdobu skalky \u010di jez\u00edrka. Proto pokud m\u00e1te o tento materi\u00e1l z\u00e1jem, nev\u00e1hejte a obra\u0165te se na n\u00e1s. U n\u00e1s si toti\u017e m\u016f\u017eete vyb\u00edrat z r\u016fzn\u00fdch barev \u010di velikost\u00ed, tak\u017ee rozhodn\u011b najdete to, co se bude hodit pr\u00e1v\u011b k V\u00e1m dom\u016f.                                                                                                                                                                                                                                                                                                                                                                                        3.7\/5 - (7 votes)        "},{"@context":"https:\/\/schema.org\/","@type":"BreadcrumbList","itemListElement":[{"@type":"ListItem","position":1,"name":"Ten prav\u00fd materi\u00e1l pro V\u00e1\u0161 d\u016fm","item":"https:\/\/www.thebouda.cz\/ten-pravy-material-pro-vas-dum\/#breadcrumbitem"}]}]