[{"@context":"https:\/\/schema.org\/","@type":"Article","@id":"https:\/\/www.thebouda.cz\/sperky-z-chleba-od-elisky-lhotske\/#Article","mainEntityOfPage":"https:\/\/www.thebouda.cz\/sperky-z-chleba-od-elisky-lhotske\/","headline":"\u0160perky z chleba od Eli\u0161ky Lhotsk\u00e9","name":"\u0160perky z chleba od Eli\u0161ky Lhotsk\u00e9","description":"Chl\u00e9b vyvol\u00e1v\u00e1 mnoho citu u mlad\u00e9 um\u011blkyn\u011b, Eli\u0161ky Lhotsk\u00e9 z\u00a0Prahy, kter\u00e1 chl\u00e9b posunula na mnohem vy\u0161\u0161\u00ed m\u00edsto, ne\u017e je jen&hellip; <a class=\"read-more\" href=\"https:\/\/www.thebouda.cz\/sperky-z-chleba-od-elisky-lhotske\/\">Pokra\u010dovat ve \u010dten\u00ed<\/a>","datePublished":"2019-06-12","dateModified":"2019-06-12","author":{"@type":"Person","@id":"https:\/\/www.thebouda.cz\/author\/#Person","name":"","url":"https:\/\/www.thebouda.cz\/author\/","identifier":1,"image":{"@type":"ImageObject","@id":"https:\/\/secure.gravatar.com\/avatar\/8e6cbe5510d042e6a0b15162e198f2fd22eed76a4b5a1734d2174c652daccabc?s=96&d=mm&r=g","url":"https:\/\/secure.gravatar.com\/avatar\/8e6cbe5510d042e6a0b15162e198f2fd22eed76a4b5a1734d2174c652daccabc?s=96&d=mm&r=g","height":96,"width":96}},"publisher":{"@type":"Organization","name":"thebouda.cz","logo":{"@type":"ImageObject","@id":"\/logo.png","url":"\/logo.png","width":600,"height":60}},"image":{"@type":"ImageObject","@id":"https:\/\/www.thebouda.cz\/wp-content\/uploads\/img_a348524_w2944_t1563434753.jpg","url":"https:\/\/www.thebouda.cz\/wp-content\/uploads\/img_a348524_w2944_t1563434753.jpg","height":0,"width":0},"url":"https:\/\/www.thebouda.cz\/sperky-z-chleba-od-elisky-lhotske\/","wordCount":508,"articleBody":"\tChl\u00e9b vyvol\u00e1v\u00e1 mnoho citu u mlad\u00e9 um\u011blkyn\u011b, Eli\u0161ky Lhotsk\u00e9 z\u00a0Prahy, kter\u00e1 chl\u00e9b posunula na mnohem vy\u0161\u0161\u00ed m\u00edsto, ne\u017e je jen st\u016fl. Vyr\u00e1b\u00ed z\u00a0n\u011bj toti\u017e \u0161perky.\tChl\u00e9b je pro Eli\u0161ku modelovac\u00ed hmota, podobn\u011b jako u kerami\u010dky hl\u00edna. Kdy\u017e se j\u00ed poda\u0159\u00ed ud\u011blat obzvl\u00e1\u0161\u0165 zaj\u00edmav\u00fd tvar, tak jej p\u0159evede do drah\u00e9ho kovu \u2013 zlato nebo st\u0159\u00edbro.\t\tChl\u00e9b si tato um\u011blkyn\u011b vybrala proto, \u017ee ho vn\u00edm\u00e1 jako ur\u010dit\u00fd symbol mor\u00e1ln\u00ed hodnoty. Podle jej\u00edch slov je chl\u00e9b oby\u010dejn\u00e1 v\u011bc, ale i velik\u00e9 bohatstv\u00ed, kter\u00e9 si lid\u00e9 v\u00a0dne\u0161n\u00ed dob\u011b neuv\u011bdomuj\u00ed. P\u0159eci nejlep\u0161\u00ed chl\u00e9b je ten, kter\u00fd n\u00e1m n\u011bkdo nama\u017ee z\u00a0l\u00e1sky.\tPro Eli\u0161ku je v\u00fdroba \u201cchlebov\u00e9ho\u201c \u0161perku um\u011bleck\u00fd prost\u0159edek. Tyto v\u00fdrobky, a\u0165 se jedn\u00e1 o n\u00e1u\u0161nice \u010di prsteny, bere jako n\u011bco, co m\u00e1 n\u00e9st ur\u010ditou my\u0161lenku, ne se jen vystavovat na odiv. A to j\u00ed chyb\u011blo. \u0160perky toti\u017e nem\u011bli my\u0161lenku, kterou by mohli rozd\u00e1vat d\u00e1l. Proto si ji u t\u00e9to kolekce vytvo\u0159ila.\u00a0 Pro ka\u017ed\u00e9ho design\u00e9ra je p\u0159irozen\u00e9, \u017ee se sna\u017e\u00ed sv\u00e9 vlastn\u00ed my\u0161lenky prom\u00edtnout ve sv\u00e9m d\u00edle.\tNejen, \u017ee ji tyto v\u00fdrobky \u017eiv\u00ed, je tak laskav\u00e1, \u017ee je i daruje. Podle Eli\u0161ka je to tot\u00e9\u017e, jako n\u011bkoho obdarovat chlebem a sol\u00ed. Ona v\u0161ak m\u00edsto soli p\u0159ed\u00e1 onen \u201cchleba\u201c spolu se \u0161perkem, kter\u00fd vytvo\u0159ila.\tEli\u0161ka se u\u010dila prom\u011bnit chl\u00e9b ve zlato pom\u011brn\u011b dlouhou dobu, cel\u00fdm deset let.\u00a0 Jak \u0159\u00edk\u00e1, byla to pro ni dlouh\u00e1 cesta, pln\u00e1 od\u0159\u00edk\u00e1n\u00ed, a kter\u00e1 ji st\u00e1lo mnoho \u010dasu i pen\u011bz. V\u011b\u0159ila ov\u0161em, \u017ee se j\u00ed to jednou vyplat\u00ed, \u017ee se prosad\u00ed. A uv\u00e1d\u00ed, \u017ee ji to p\u0159edev\u0161\u00edm tak\u00e9 bavilo. Sama si vynalezla technologick\u00fd postup, jak p\u0159etvo\u0159it chleba ve \u0161perky co nejv\u011brn\u011bji a nyn\u00ed na t\u00e9to postup vlastn\u00ed KNOW \u2013 HOW.\t\tDnes se \u017eiv\u00ed u\u017e jen touto prac\u00ed. \u0158\u00edk\u00e1, \u017ee lid\u00e9 si u n\u00ed kupuj\u00ed p\u0159ev\u00e1\u017en\u011b snubn\u00ed prst\u00fdnky a n\u00e1u\u0161nice. Vlastn\u00ed ateli\u00e9r v\u00a0pra\u017esk\u00fdch Hole\u0161ovic\u00edch v\u00a0P\u0159\u00edstavn\u00ed ulici, kde ji lid\u00e9 mohou i nav\u0161t\u00edvit a sami si ur\u010dit, co p\u0159esn\u011b by m\u011bl jejich \u0161perk obsahovat, \u010di jak by m\u011bl vypadat. V\u00fdroba jednoho p\u00e1ru snubn\u00edch prst\u00fdnk\u016f j\u00ed trv\u00e1 n\u011bco okolo jednoho m\u011bs\u00edce a vyjdou z\u00e1kazn\u00edky zhruba na \u0161estn\u00e1ct tis\u00edc korun.\tA jak se \u0159\u00edk\u00e1, \u017ee topinky by se m\u011bli vyr\u00e1b\u011bt ze star\u0161\u00edho chleba, u \u0161perk\u016f to neplat\u00ed. Eli\u0161ka \u0159\u00edk\u00e1, \u017ee pou\u017e\u00edv\u00e1 pouze chl\u00e9b \u010derstv\u00ed, ze kter\u00e9ho u\u017edibuje.\tPokud tedy hled\u00e1te origin\u00e1ln\u00ed d\u00e1rek, u\u017e jste ho nejsp\u00ed\u0161e na\u0161li.                                                                                                                                                                                                                                                                                                                                                                                        4.2\/5 - (4 votes)        "},{"@context":"https:\/\/schema.org\/","@type":"BreadcrumbList","itemListElement":[{"@type":"ListItem","position":1,"name":"\u0160perky z chleba od Eli\u0161ky Lhotsk\u00e9","item":"https:\/\/www.thebouda.cz\/sperky-z-chleba-od-elisky-lhotske\/#breadcrumbitem"}]}]