[{"@context":"https:\/\/schema.org\/","@type":"Blog","@id":"https:\/\/www.thebouda.cz#Blog","headline":"Thebouda","description":"\nJe nespornou pravdou, \u017ee p\u0159\u00e1tel\u00e9 jsou nad v\u0161echny poklady sv\u011bta. A proto\u017ee my chceme b\u00fdt va\u0161imi p\u0159\u00e1teli, m\u016f\u017eete pr\u00e1v\u011b v\u00a0n\u00e1s nal\u00e9zt v\u00edc ne\u017e poklad.","url":"https:\/\/www.thebouda.cz","hasPart":[{"@type":"Article","@id":"https:\/\/www.thebouda.cz\/volime-jenze-proc\/","headline":"Vol\u00edme, jen\u017ee pro\u010d?","url":"https:\/\/www.thebouda.cz\/volime-jenze-proc\/","datePublished":"2019-03-07","dateModified":"2023-05-03","mainEntityOfPage":"https:\/\/www.thebouda.cz\/volime-jenze-proc\/","author":{"@type":"Person","@id":"https:\/\/www.thebouda.cz\/author\/#Person","name":"","url":"https:\/\/www.thebouda.cz\/author\/","identifier":1,"image":{"@type":"ImageObject","@id":"https:\/\/secure.gravatar.com\/avatar\/8e6cbe5510d042e6a0b15162e198f2fd22eed76a4b5a1734d2174c652daccabc?s=96&d=mm&r=g","url":"https:\/\/secure.gravatar.com\/avatar\/8e6cbe5510d042e6a0b15162e198f2fd22eed76a4b5a1734d2174c652daccabc?s=96&d=mm&r=g","height":96,"width":96}},"publisher":{"@type":"Organization","name":"thebouda.cz","logo":{"@type":"ImageObject","@id":"\/logo.png","url":"\/logo.png","width":600,"height":60}},"image":{"@type":"ImageObject","@id":"https:\/\/www.thebouda.cz\/wp-content\/uploads\/img_a339934_w2663_t1552996268.png","url":"https:\/\/www.thebouda.cz\/wp-content\/uploads\/img_a339934_w2663_t1552996268.png","height":0,"width":0},"wordCount":4607,"keywords":null},{"@type":"Article","@id":"https:\/\/www.thebouda.cz\/co-s-materidouskou\/","headline":"Co s mate\u0159\u00eddou\u0161kou?","url":"https:\/\/www.thebouda.cz\/co-s-materidouskou\/","datePublished":"2019-02-04","dateModified":"2023-05-03","mainEntityOfPage":"https:\/\/www.thebouda.cz\/co-s-materidouskou\/","author":{"@type":"Person","@id":"https:\/\/www.thebouda.cz\/author\/#Person","name":"","url":"https:\/\/www.thebouda.cz\/author\/","identifier":1,"image":{"@type":"ImageObject","@id":"https:\/\/secure.gravatar.com\/avatar\/8e6cbe5510d042e6a0b15162e198f2fd22eed76a4b5a1734d2174c652daccabc?s=96&d=mm&r=g","url":"https:\/\/secure.gravatar.com\/avatar\/8e6cbe5510d042e6a0b15162e198f2fd22eed76a4b5a1734d2174c652daccabc?s=96&d=mm&r=g","height":96,"width":96}},"publisher":{"@type":"Organization","name":"thebouda.cz","logo":{"@type":"ImageObject","@id":"\/logo.png","url":"\/logo.png","width":600,"height":60}},"image":{"@type":"ImageObject","@id":"https:\/\/www.thebouda.cz\/wp-content\/uploads\/img_a335842_w2100_t1549122753.jpg","url":"https:\/\/www.thebouda.cz\/wp-content\/uploads\/img_a335842_w2100_t1549122753.jpg","height":0,"width":0},"wordCount":650,"keywords":null},{"@type":"Article","@id":"https:\/\/www.thebouda.cz\/svuj-budouci-dluh-si-predem-dobre-spocitejte-a-promyslete\/","headline":"Sv\u016fj budouc\u00ed dluh si p\u0159edem dob\u0159e spo\u010d\u00edtejte a promyslete","url":"https:\/\/www.thebouda.cz\/svuj-budouci-dluh-si-predem-dobre-spocitejte-a-promyslete\/","datePublished":"2019-01-03","dateModified":"2023-05-03","mainEntityOfPage":"https:\/\/www.thebouda.cz\/svuj-budouci-dluh-si-predem-dobre-spocitejte-a-promyslete\/","author":{"@type":"Person","@id":"https:\/\/www.thebouda.cz\/author\/#Person","name":"","url":"https:\/\/www.thebouda.cz\/author\/","identifier":1,"image":{"@type":"ImageObject","@id":"https:\/\/secure.gravatar.com\/avatar\/8e6cbe5510d042e6a0b15162e198f2fd22eed76a4b5a1734d2174c652daccabc?s=96&d=mm&r=g","url":"https:\/\/secure.gravatar.com\/avatar\/8e6cbe5510d042e6a0b15162e198f2fd22eed76a4b5a1734d2174c652daccabc?s=96&d=mm&r=g","height":96,"width":96}},"publisher":{"@type":"Organization","name":"thebouda.cz","logo":{"@type":"ImageObject","@id":"\/logo.png","url":"\/logo.png","width":600,"height":60}},"image":{"@type":"ImageObject","@id":"https:\/\/www.thebouda.cz\/wp-content\/uploads\/img_a333968_w2663_t1547570326.png","url":"https:\/\/www.thebouda.cz\/wp-content\/uploads\/img_a333968_w2663_t1547570326.png","height":0,"width":0},"wordCount":524,"keywords":null},{"@type":"Article","@id":"https:\/\/www.thebouda.cz\/fenomen-jary-cimrmana\/","headline":"Fenom\u00e9n J\u00e1ry Cimrmana","url":"https:\/\/www.thebouda.cz\/fenomen-jary-cimrmana\/","datePublished":"2018-12-11","dateModified":"2018-12-11","mainEntityOfPage":"https:\/\/www.thebouda.cz\/fenomen-jary-cimrmana\/","author":{"@type":"Person","@id":"https:\/\/www.thebouda.cz\/author\/#Person","name":"","url":"https:\/\/www.thebouda.cz\/author\/","identifier":1,"image":{"@type":"ImageObject","@id":"https:\/\/secure.gravatar.com\/avatar\/8e6cbe5510d042e6a0b15162e198f2fd22eed76a4b5a1734d2174c652daccabc?s=96&d=mm&r=g","url":"https:\/\/secure.gravatar.com\/avatar\/8e6cbe5510d042e6a0b15162e198f2fd22eed76a4b5a1734d2174c652daccabc?s=96&d=mm&r=g","height":96,"width":96}},"publisher":{"@type":"Organization","name":"thebouda.cz","logo":{"@type":"ImageObject","@id":"\/logo.png","url":"\/logo.png","width":600,"height":60}},"image":{"@type":"ImageObject","@id":"https:\/\/www.thebouda.cz\/wp-content\/uploads\/img_a336494_w2816_t1549907541.jpg","url":"https:\/\/www.thebouda.cz\/wp-content\/uploads\/img_a336494_w2816_t1549907541.jpg","height":0,"width":0},"wordCount":4586,"keywords":null},{"@type":"Article","@id":"https:\/\/www.thebouda.cz\/plastove-sacky-s-klopou-muzete-pouzivat-opakovane\/","headline":"Plastov\u00e9 s\u00e1\u010dky s klopou m\u016f\u017eete pou\u017e\u00edvat opakovan\u011b","url":"https:\/\/www.thebouda.cz\/plastove-sacky-s-klopou-muzete-pouzivat-opakovane\/","datePublished":"2018-11-24","dateModified":"2024-01-18","mainEntityOfPage":"https:\/\/www.thebouda.cz\/plastove-sacky-s-klopou-muzete-pouzivat-opakovane\/","author":{"@type":"Person","@id":"https:\/\/www.thebouda.cz\/author\/#Person","name":"","url":"https:\/\/www.thebouda.cz\/author\/","identifier":1,"image":{"@type":"ImageObject","@id":"https:\/\/secure.gravatar.com\/avatar\/8e6cbe5510d042e6a0b15162e198f2fd22eed76a4b5a1734d2174c652daccabc?s=96&d=mm&r=g","url":"https:\/\/secure.gravatar.com\/avatar\/8e6cbe5510d042e6a0b15162e198f2fd22eed76a4b5a1734d2174c652daccabc?s=96&d=mm&r=g","height":96,"width":96}},"publisher":{"@type":"Organization","name":"thebouda.cz","logo":{"@type":"ImageObject","@id":"\/logo.png","url":"\/logo.png","width":600,"height":60}},"image":{"@type":"ImageObject","@id":"https:\/\/www.thebouda.cz\/wp-content\/uploads\/img_a329711_w1703_t1542272761.jpg","url":"https:\/\/www.thebouda.cz\/wp-content\/uploads\/img_a329711_w1703_t1542272761.jpg","height":0,"width":0},"wordCount":549,"keywords":null},{"@type":"Article","@id":"https:\/\/www.thebouda.cz\/jde-to-i-bez-starosti\/","headline":"Jde to i bez starost\u00ed","url":"https:\/\/www.thebouda.cz\/jde-to-i-bez-starosti\/","datePublished":"2018-11-10","dateModified":"2023-05-03","mainEntityOfPage":"https:\/\/www.thebouda.cz\/jde-to-i-bez-starosti\/","author":{"@type":"Person","@id":"https:\/\/www.thebouda.cz\/author\/#Person","name":"","url":"https:\/\/www.thebouda.cz\/author\/","identifier":1,"image":{"@type":"ImageObject","@id":"https:\/\/secure.gravatar.com\/avatar\/8e6cbe5510d042e6a0b15162e198f2fd22eed76a4b5a1734d2174c652daccabc?s=96&d=mm&r=g","url":"https:\/\/secure.gravatar.com\/avatar\/8e6cbe5510d042e6a0b15162e198f2fd22eed76a4b5a1734d2174c652daccabc?s=96&d=mm&r=g","height":96,"width":96}},"publisher":{"@type":"Organization","name":"thebouda.cz","logo":{"@type":"ImageObject","@id":"\/logo.png","url":"\/logo.png","width":600,"height":60}},"image":{"@type":"ImageObject","@id":"https:\/\/www.thebouda.cz\/wp-content\/uploads\/img_a330886_w1741_t1543334881.jpg","url":"https:\/\/www.thebouda.cz\/wp-content\/uploads\/img_a330886_w1741_t1543334881.jpg","height":0,"width":0},"wordCount":529,"keywords":null},{"@type":"Article","@id":"https:\/\/www.thebouda.cz\/detske-sedaci-vaky-pro-velke-male-i-ty-nejmensi\/","headline":"D\u011btsk\u00e9 sedac\u00ed vaky pro velk\u00e9, mal\u00e9 i ty nejmen\u0161\u00ed","url":"https:\/\/www.thebouda.cz\/detske-sedaci-vaky-pro-velke-male-i-ty-nejmensi\/","datePublished":"2018-10-06","dateModified":"2023-05-03","mainEntityOfPage":"https:\/\/www.thebouda.cz\/detske-sedaci-vaky-pro-velke-male-i-ty-nejmensi\/","author":{"@type":"Person","@id":"https:\/\/www.thebouda.cz\/author\/#Person","name":"","url":"https:\/\/www.thebouda.cz\/author\/","identifier":1,"image":{"@type":"ImageObject","@id":"https:\/\/secure.gravatar.com\/avatar\/8e6cbe5510d042e6a0b15162e198f2fd22eed76a4b5a1734d2174c652daccabc?s=96&d=mm&r=g","url":"https:\/\/secure.gravatar.com\/avatar\/8e6cbe5510d042e6a0b15162e198f2fd22eed76a4b5a1734d2174c652daccabc?s=96&d=mm&r=g","height":96,"width":96}},"publisher":{"@type":"Organization","name":"thebouda.cz","logo":{"@type":"ImageObject","@id":"\/logo.png","url":"\/logo.png","width":600,"height":60}},"image":{"@type":"ImageObject","@id":"https:\/\/www.thebouda.cz\/wp-content\/uploads\/img_a327461_w2445_t1539767750.png","url":"https:\/\/www.thebouda.cz\/wp-content\/uploads\/img_a327461_w2445_t1539767750.png","height":0,"width":0},"wordCount":596,"keywords":null},{"@type":"Article","@id":"https:\/\/www.thebouda.cz\/spatna-izolace-jako-duvod-k-odkladu-otevreni\/","headline":"\u0160patn\u00e1 izolace jako d\u016fvod k odkladu otev\u0159en\u00ed?","url":"https:\/\/www.thebouda.cz\/spatna-izolace-jako-duvod-k-odkladu-otevreni\/","datePublished":"2018-10-03","dateModified":"2023-05-03","mainEntityOfPage":"https:\/\/www.thebouda.cz\/spatna-izolace-jako-duvod-k-odkladu-otevreni\/","author":{"@type":"Person","@id":"https:\/\/www.thebouda.cz\/author\/#Person","name":"","url":"https:\/\/www.thebouda.cz\/author\/","identifier":1,"image":{"@type":"ImageObject","@id":"https:\/\/secure.gravatar.com\/avatar\/8e6cbe5510d042e6a0b15162e198f2fd22eed76a4b5a1734d2174c652daccabc?s=96&d=mm&r=g","url":"https:\/\/secure.gravatar.com\/avatar\/8e6cbe5510d042e6a0b15162e198f2fd22eed76a4b5a1734d2174c652daccabc?s=96&d=mm&r=g","height":96,"width":96}},"publisher":{"@type":"Organization","name":"thebouda.cz","logo":{"@type":"ImageObject","@id":"\/logo.png","url":"\/logo.png","width":600,"height":60}},"image":{"@type":"ImageObject","@id":"https:\/\/www.thebouda.cz\/wp-content\/uploads\/img_a331415_w1714_t1543839461.jpg","url":"https:\/\/www.thebouda.cz\/wp-content\/uploads\/img_a331415_w1714_t1543839461.jpg","height":0,"width":0},"wordCount":604,"keywords":null},{"@type":"Article","@id":"https:\/\/www.thebouda.cz\/splacejte-nez-bude-pozde\/","headline":"Spl\u00e1cejte, ne\u017e bude pozd\u011b","url":"https:\/\/www.thebouda.cz\/splacejte-nez-bude-pozde\/","datePublished":"2018-09-25","dateModified":"2023-05-03","mainEntityOfPage":"https:\/\/www.thebouda.cz\/splacejte-nez-bude-pozde\/","author":{"@type":"Person","@id":"https:\/\/www.thebouda.cz\/author\/#Person","name":"","url":"https:\/\/www.thebouda.cz\/author\/","identifier":1,"image":{"@type":"ImageObject","@id":"https:\/\/secure.gravatar.com\/avatar\/8e6cbe5510d042e6a0b15162e198f2fd22eed76a4b5a1734d2174c652daccabc?s=96&d=mm&r=g","url":"https:\/\/secure.gravatar.com\/avatar\/8e6cbe5510d042e6a0b15162e198f2fd22eed76a4b5a1734d2174c652daccabc?s=96&d=mm&r=g","height":96,"width":96}},"publisher":{"@type":"Organization","name":"thebouda.cz","logo":{"@type":"ImageObject","@id":"\/logo.png","url":"\/logo.png","width":600,"height":60}},"image":{"@type":"ImageObject","@id":"https:\/\/www.thebouda.cz\/wp-content\/uploads\/img_a325565_w2663_t1537514492.jpg","url":"https:\/\/www.thebouda.cz\/wp-content\/uploads\/img_a325565_w2663_t1537514492.jpg","height":0,"width":0},"wordCount":4504,"keywords":null},{"@type":"Article","@id":"https:\/\/www.thebouda.cz\/nabytek-ktery-vam-nabizi-celou-radu-vyhod\/","headline":"N\u00e1bytek, kter\u00fd v\u00e1m nab\u00edz\u00ed celou \u0159adu v\u00fdhod","url":"https:\/\/www.thebouda.cz\/nabytek-ktery-vam-nabizi-celou-radu-vyhod\/","datePublished":"2018-09-20","dateModified":"2023-05-03","mainEntityOfPage":"https:\/\/www.thebouda.cz\/nabytek-ktery-vam-nabizi-celou-radu-vyhod\/","author":{"@type":"Person","@id":"https:\/\/www.thebouda.cz\/author\/#Person","name":"","url":"https:\/\/www.thebouda.cz\/author\/","identifier":1,"image":{"@type":"ImageObject","@id":"https:\/\/secure.gravatar.com\/avatar\/8e6cbe5510d042e6a0b15162e198f2fd22eed76a4b5a1734d2174c652daccabc?s=96&d=mm&r=g","url":"https:\/\/secure.gravatar.com\/avatar\/8e6cbe5510d042e6a0b15162e198f2fd22eed76a4b5a1734d2174c652daccabc?s=96&d=mm&r=g","height":96,"width":96}},"publisher":{"@type":"Organization","name":"thebouda.cz","logo":{"@type":"ImageObject","@id":"\/logo.png","url":"\/logo.png","width":600,"height":60}},"image":{"@type":"ImageObject","@id":"https:\/\/www.thebouda.cz\/wp-content\/uploads\/img_a325405_w2663_t1537257529.jpg","url":"https:\/\/www.thebouda.cz\/wp-content\/uploads\/img_a325405_w2663_t1537257529.jpg","height":0,"width":0},"wordCount":541,"keywords":null}]},{"@context":"https:\/\/schema.org","@type":"WebSite","@id":"https:\/\/www.thebouda.cz\/#website","name":"Thebouda","url":"https:\/\/www.thebouda.cz","potentialAction":{"@type":"SearchAction","target":"https:\/\/www.thebouda.cz\/?s={search_term_string}","query-input":"required name=search_term_string"}}]