[{"@context":"https:\/\/schema.org\/","@type":"Article","@id":"https:\/\/www.thebouda.cz\/nove-zakonne-upravy-v-souvislosti-s-pandemii-covid-19\/#Article","mainEntityOfPage":"https:\/\/www.thebouda.cz\/nove-zakonne-upravy-v-souvislosti-s-pandemii-covid-19\/","headline":"Nov\u00e9 z\u00e1konn\u00e9 \u00fapravy v souvislosti s pandemi\u00ed COVID-19","name":"Nov\u00e9 z\u00e1konn\u00e9 \u00fapravy v souvislosti s pandemi\u00ed COVID-19","description":"Rok 2019 se zap\u00ed\u0161e do pov\u011bdom\u00ed nejen v\u0161ech \u010cech\u016f, ale tak\u00e9 v\u0161ech lid\u00ed na cel\u00e9m sv\u011bt\u011b. V roce 2019 do\u0161lo&hellip; <a class=\"read-more\" href=\"https:\/\/www.thebouda.cz\/nove-zakonne-upravy-v-souvislosti-s-pandemii-covid-19\/\">Pokra\u010dovat ve \u010dten\u00ed<\/a>","datePublished":"2021-12-02","dateModified":"2023-05-03","author":{"@type":"Person","@id":"https:\/\/www.thebouda.cz\/author\/#Person","name":"","url":"https:\/\/www.thebouda.cz\/author\/","identifier":1,"image":{"@type":"ImageObject","@id":"https:\/\/secure.gravatar.com\/avatar\/8e6cbe5510d042e6a0b15162e198f2fd22eed76a4b5a1734d2174c652daccabc?s=96&d=mm&r=g","url":"https:\/\/secure.gravatar.com\/avatar\/8e6cbe5510d042e6a0b15162e198f2fd22eed76a4b5a1734d2174c652daccabc?s=96&d=mm&r=g","height":96,"width":96}},"publisher":{"@type":"Organization","name":"thebouda.cz","logo":{"@type":"ImageObject","@id":"\/logo.png","url":"\/logo.png","width":600,"height":60}},"image":{"@type":"ImageObject","@id":"https:\/\/www.thebouda.cz\/wp-content\/uploads\/covid-19-g2df2e557f_640.jpg","url":"https:\/\/www.thebouda.cz\/wp-content\/uploads\/covid-19-g2df2e557f_640.jpg","height":0,"width":0},"url":"https:\/\/www.thebouda.cz\/nove-zakonne-upravy-v-souvislosti-s-pandemii-covid-19\/","about":["Podnik\u00e1n\u00ed"],"wordCount":529,"articleBody":"       Rok 2019 se zap\u00ed\u0161e do pov\u011bdom\u00ed nejen v\u0161ech \u010cech\u016f, ale tak\u00e9 v\u0161ech lid\u00ed na cel\u00e9m sv\u011bt\u011b. V roce 2019 do\u0161lo k jednomu z nejv\u011bt\u0161\u00edch zvrat\u016f od druh\u00e9 sv\u011btov\u00e9 v\u00e1lky. Zajist\u00e9 v\u0161ichni v\u00edte, o \u010dem mluv\u00edme. Jedn\u00e1 se o novou z\u00e1ke\u0159nou nemoc, kter\u00e1 n\u00e1s p\u0159epadla nep\u0159ipraven\u00e9 a nikdo nev\u011bd\u011bl, co od n\u00ed m\u016f\u017eeme \u010dekat. Dnes u\u017e je tato nemoc s n\u00e1mi n\u011bkolik\u00e1t\u00fd rok. Nau\u010dili jsme se j\u00ed trochu zn\u00e1, nau\u010dili jsme se s n\u00ed trochu \u017e\u00edt, ale p\u0159esto do\u0161lo k velk\u00fdm ztr\u00e1t\u00e1m. Znalosti o t\u00e9to nemoci se st\u00e1le vyv\u00edj\u00ed a posouvaj\u00ed dop\u0159edu. S t\u00edm se samoz\u0159ejm\u011b vyv\u00edj\u00ed tak\u00e9 z\u00e1kony a pokyny vydan\u00e9 vl\u00e1dou \u010cesk\u00e9 republiky. A nen\u00ed v\u017edy jednoduch\u00e9 vyznat se v tom, kter\u00e9 z\u00e1kony a na\u0159\u00edzen\u00ed zrovna plat\u00ed. Pod\u00edvejme se proto na nov\u00e9 z\u00e1konn\u00e9 \u00fapravy v souvislosti s pandemi\u00ed covid-19 https:\/\/jkcredit.cz\/nove-zakonne-upravy-v-souvislosti-s-pandemii-covid-19\/, kter\u00e9 jsou platn\u00e9 v tuto dobu pro rok 2022. D\u016fle\u017eit\u00e9 body jsou: p\u0159\u00edsp\u011bvek zam\u011bstnanci p\u0159i na\u0159\u00edzen\u00e9 karant\u00e9n\u011b, kompenza\u010dn\u00ed bonus a krizov\u00e9 o\u0161et\u0159ovn\u00e9. Dne 23.12. 2021 byl ve sb\u00edrce z\u00e1kon\u016f vyhl\u00e1\u0161en z\u00e1kon, kter\u00fd hovo\u0159\u00ed o mimo\u0159\u00e1dn\u00e9m p\u0159\u00edsp\u011bvku ve v\u00fd\u0161i 370 K\u010d za den k n\u00e1hrad\u011b p\u0159\u00edjmu zam\u011bstnanc\u016f v karant\u00e9n\u011b, \u010di v izolaci. V p\u0159\u00edpad\u011b \u017ee sou\u010det p\u0159\u00edsp\u011bvku a n\u00e1hrady p\u0159\u00edjmu p\u0159es\u00e1hne 90 % pr\u016fm\u011brn\u00e9ho v\u00fdd\u011blku zam\u011bstnance, p\u0159\u00edsp\u011bvek se samoz\u0159ejm\u011b \u00fam\u011brn\u011b sn\u00ed\u017e\u00ed. Kompenza\u010dn\u00ed bonus pro rok 2022 umo\u017e\u0148uje opr\u00e1vn\u011bn\u00fdm osob\u00e1m \u017e\u00e1dat o p\u0159\u00edsp\u011bvek a\u017e 1000 K\u010d, podle jejich p\u0159edchoz\u00edho v\u00fdd\u011blku. N\u00e1rok na tento bonus vznik\u00e1, pokud dan\u00e1 osoba zaznamen\u00e1 pokles tr\u017eeb minim\u00e1ln\u011b o 30 %. Posledn\u00edm d\u016fle\u017eit\u00fdm bodem je krizov\u00e9 o\u0161et\u0159ovn\u00e9, kdy podle z\u00e1kona o dal\u0161\u00edch \u00faprav\u00e1ch poskytov\u00e1n\u00ed o\u0161et\u0159ovn\u00e9ho v souvislosti s mimo\u0159\u00e1dn\u00fdmi opat\u0159en\u00edmi p\u0159i epidemii onemocn\u011bn\u00ed covid-19 maj\u00ed zam\u011bstnanci, kte\u0159\u00ed museli z\u016fstat se sv\u00fdmi d\u011btmi doma z d\u016fvodu karant\u00e9ny, n\u00e1rok na zv\u00fd\u0161en\u00e9 o\u0161et\u0159ovn\u00e9. Toto zv\u00fd\u0161en\u00e9 o\u0161et\u0159ovn\u00e9 n\u00e1le\u017e\u00ed rodi\u010d\u016fm, kte\u0159\u00ed maj\u00ed d\u011bti mlad\u0161\u00ed ne\u017e 10 let, nebo d\u011bti, kter\u00e9 jsou star\u0161\u00ed 10 let, ale maj\u00ed z\u00e1va\u017en\u00e9 poruchy u\u010den\u00ed \u010di jin\u00e9 zdravotn\u00ed a psychick\u00e9 komplikace. Tento n\u00e1rok maj\u00ed nejen rodi\u010de s pracovn\u00edm pom\u011brem na HPP, ale tak\u00e9 rodi\u010de, kte\u0159\u00ed pracuj\u00ed na DPP \u010di DP\u010c za ur\u010dit\u00fdch podm\u00ednek. Pokud si nejste zcela jist\u00ed, kter\u00e1 opat\u0159en\u00ed, v jak\u00e9m konkr\u00e9tn\u00edm zn\u011bn\u00ed plat\u00ed, pod\u00edvejte se na na\u0161e webov\u00e9 str\u00e1nky. Zde najdete v\u0161e skv\u011bl\u00e9 popsan\u00e9, v\u010detn\u011b konkr\u00e9tn\u00edch podm\u00ednek pro ud\u011blen\u00ed bonus\u016f a kompenzac\u00ed. Najdete zde tak\u00e9 odkazy na webov\u00e9 str\u00e1nky Ministerstva pr\u00e1ce a soci\u00e1ln\u00edch v\u011bc\u00ed.                                                                                                                                                                                                                                                                                                                                                                                           3.7\/5 - (3 votes)        "},{"@context":"https:\/\/schema.org\/","@type":"BreadcrumbList","itemListElement":[{"@type":"ListItem","position":1,"name":"Nov\u00e9 z\u00e1konn\u00e9 \u00fapravy v souvislosti s pandemi\u00ed COVID-19","item":"https:\/\/www.thebouda.cz\/nove-zakonne-upravy-v-souvislosti-s-pandemii-covid-19\/#breadcrumbitem"}]}]