[{"@context":"https:\/\/schema.org\/","@type":"Article","@id":"https:\/\/www.thebouda.cz\/nabytek-ktery-vam-nabizi-celou-radu-vyhod\/#Article","mainEntityOfPage":"https:\/\/www.thebouda.cz\/nabytek-ktery-vam-nabizi-celou-radu-vyhod\/","headline":"N\u00e1bytek, kter\u00fd v\u00e1m nab\u00edz\u00ed celou \u0159adu v\u00fdhod","name":"N\u00e1bytek, kter\u00fd v\u00e1m nab\u00edz\u00ed celou \u0159adu v\u00fdhod","description":"Ceny vestavn\u00fdch sk\u0159\u00edn\u00ed jsou tak p\u0159\u00edzniv\u00e9, \u017ee v\u016fbec nem\u00e1 cenu zva\u017eovat, zda si je po\u0159\u00eddit anebo ne, je toti\u017e jasn\u00e9,&hellip; <a class=\"read-more\" href=\"https:\/\/www.thebouda.cz\/nabytek-ktery-vam-nabizi-celou-radu-vyhod\/\">Pokra\u010dovat ve \u010dten\u00ed<\/a>","datePublished":"2018-09-20","dateModified":"2023-05-03","author":{"@type":"Person","@id":"https:\/\/www.thebouda.cz\/author\/#Person","name":"","url":"https:\/\/www.thebouda.cz\/author\/","identifier":1,"image":{"@type":"ImageObject","@id":"https:\/\/secure.gravatar.com\/avatar\/8e6cbe5510d042e6a0b15162e198f2fd22eed76a4b5a1734d2174c652daccabc?s=96&d=mm&r=g","url":"https:\/\/secure.gravatar.com\/avatar\/8e6cbe5510d042e6a0b15162e198f2fd22eed76a4b5a1734d2174c652daccabc?s=96&d=mm&r=g","height":96,"width":96}},"publisher":{"@type":"Organization","name":"thebouda.cz","logo":{"@type":"ImageObject","@id":"\/logo.png","url":"\/logo.png","width":600,"height":60}},"image":{"@type":"ImageObject","@id":"https:\/\/www.thebouda.cz\/wp-content\/uploads\/img_a325405_w2663_t1537257529.jpg","url":"https:\/\/www.thebouda.cz\/wp-content\/uploads\/img_a325405_w2663_t1537257529.jpg","height":0,"width":0},"url":"https:\/\/www.thebouda.cz\/nabytek-ktery-vam-nabizi-celou-radu-vyhod\/","about":["N\u00e1kupy"],"wordCount":458,"articleBody":"   Ceny vestavn\u00fdch sk\u0159\u00edn\u00ed jsou tak p\u0159\u00edzniv\u00e9, \u017ee v\u016fbec nem\u00e1 cenu zva\u017eovat, zda si je po\u0159\u00eddit anebo ne, je toti\u017e jasn\u00e9, \u017ee se v\u00e1m tento kus n\u00e1bytku doma jednozna\u010dn\u011b vyplat\u00ed!  Jen si p\u0159edstavte, jak to bude b\u00e1je\u010dn\u00e9, a\u017e v\u00e1m z bytu zmiz\u00ed v\u0161echny ty nevzhledn\u00e9 hromady v\u011bc\u00ed, kter\u00e9 v\u00e1m neust\u00e1le p\u0159ek\u00e1\u017eej\u00ed, a o kter\u00e9 mus\u00edte po\u0159\u00e1d zakop\u00e1vat. Nemluv\u011b o tom, \u017ee se za n\u011b mus\u00edte styd\u011bt poka\u017ed\u00e9, kdy\u017e k v\u00e1m dom\u016f zav\u00edt\u00e1 n\u011bjak\u00e1 n\u00e1v\u0161t\u011bva. A v\u0161echny tyto spot\u0159ebi\u010de, knihy, kusy oble\u010den\u00ed, kufry, a cokoli dal\u0161\u00edho doma m\u00e1te, budete moci nyn\u00ed pohodln\u011b uschovat do prostorn\u00e9ho n\u00e1bytku, jeho\u017e \u00falo\u017en\u00fd prostor je t\u00e9m\u011b\u0159 neomezen\u00fd. A je zde je\u0161t\u011b jedna velk\u00e1 v\u00fdhoda nav\u00edc: d\u00edky tomu, \u017ee v\u00e1m domy p\u0159ibyde velk\u00fd \u00falo\u017en\u00fd prostor, se u\u017e nebudete muset tolik krotit ve sv\u00fdch n\u00e1kupech. Jist\u011b se v\u00e1m tak\u00e9 stalo, \u017ee jste si cht\u011bli po\u0159\u00eddit n\u011bco p\u011bkn\u00e9ho anebo v\u00fdhodn\u00e9ho, a museli jste takov\u00fd n\u00e1kup odlo\u017eit na neur\u010dito kv\u016fli tomu, \u017ee jste pomysleli na to, \u017ee byste tuto v\u011bc doma u\u017e v\u016fbec nem\u011bli kam um\u00edstit. No a od chv\u00edle, kdy z\u00edsk\u00e1te skv\u011bl\u00e9 m\u00edsto v podob\u011b vestav\u011bn\u00e9 sk\u0159\u00edn\u011b, u\u017e na takov\u00e9 probl\u00e9my budete moci zapomenout. Na vestav\u011bn\u00fdch sk\u0159\u00edn\u00edch je ov\u0161em v\u00fdborn\u00e1 je\u0161t\u011b dal\u0161\u00ed v\u011bc. M\u016f\u017eete je ve sv\u00e9m byt\u011b um\u00edstit kdekoli jen se v\u00e1m to bude hodit.  Nemus\u00edte tak s nimi zab\u00edrat to nejlep\u0161\u00ed m\u00edsto, kter\u00e9 byste rad\u011bji nechali voln\u00e9, jako to plat\u00ed u ostatn\u00edho n\u00e1bytku. Tento druh n\u00e1bytku v\u00e1m naopak pom\u016f\u017ee vyu\u017e\u00edt prostor, kter\u00fd je nevzhledn\u00fd, sv\u00fdm rozm\u011brem nevhodn\u00fd a t\u011b\u017ece vyu\u017eiteln\u00fd. Na v\u0161ech t\u011bchto m\u00edstech m\u016f\u017ee st\u00e1t vestav\u011bn\u00e1 sk\u0159\u00ed\u0148, a tedy \u00fa\u017easn\u00fd \u00falo\u017en\u00fd prostor. Anebo to jde ud\u011blat je\u0161t\u011b jinak. Pokud m\u00e1te t\u0159eba doma obrovskou halu a r\u00e1di byste z n\u00ed kousek ukrojili pro pracovn\u00ed kout, m\u016f\u017eete vestav\u011bnou sk\u0159\u00ed\u0148 pou\u017e\u00edt jako d\u011bl\u00edc\u00ed p\u0159\u00ed\u010dku, kter\u00e1 v\u00e1m pom\u016f\u017ee tento z\u00e1m\u011br uskute\u010dnit. Jak je tedy vid\u011bt, po\u0159\u00eddit si tento typ \u00falo\u017en\u00e9ho prostoru je skute\u010dn\u011b v\u00fdhodn\u00e9, proto\u017ee hrav\u011b str\u010d\u00ed do kapsy celou \u0159adu kus\u016f jin\u00e9ho n\u00e1bytku a nab\u00eddne v\u00e1m takov\u00fd objem prostoru, jak\u00fd jinde nenajdete.                                                                                                                                                                                                                                                                                                                                                                                          4\/5 - (13 votes)        "},{"@context":"https:\/\/schema.org\/","@type":"BreadcrumbList","itemListElement":[{"@type":"ListItem","position":1,"name":"N\u00e1bytek, kter\u00fd v\u00e1m nab\u00edz\u00ed celou \u0159adu v\u00fdhod","item":"https:\/\/www.thebouda.cz\/nabytek-ktery-vam-nabizi-celou-radu-vyhod\/#breadcrumbitem"}]}]