[{"@context":"https:\/\/schema.org\/","@type":"Article","@id":"https:\/\/www.thebouda.cz\/misto-kam-se-budete-radi-vracet\/#Article","mainEntityOfPage":"https:\/\/www.thebouda.cz\/misto-kam-se-budete-radi-vracet\/","headline":"M\u00edsto, kam se budete r\u00e1di vracet","name":"M\u00edsto, kam se budete r\u00e1di vracet","description":"M\u00e1te r\u00e1di, kdy\u017e se m\u016f\u017eete vracet na m\u00edsta, kde jste pro\u017eili mimo\u0159\u00e1dn\u00e9 chv\u00edle sv\u00e9ho \u017eivota? M\u00e1te r\u00e1di, kdy\u017e m\u00e1te mo\u017enost&hellip; <a class=\"read-more\" href=\"https:\/\/www.thebouda.cz\/misto-kam-se-budete-radi-vracet\/\">Pokra\u010dovat ve \u010dten\u00ed<\/a>","datePublished":"2023-05-14","dateModified":"2024-05-20","author":{"@type":"Person","@id":"https:\/\/www.thebouda.cz\/author\/#Person","name":"","url":"https:\/\/www.thebouda.cz\/author\/","identifier":1,"image":{"@type":"ImageObject","@id":"https:\/\/secure.gravatar.com\/avatar\/8e6cbe5510d042e6a0b15162e198f2fd22eed76a4b5a1734d2174c652daccabc?s=96&d=mm&r=g","url":"https:\/\/secure.gravatar.com\/avatar\/8e6cbe5510d042e6a0b15162e198f2fd22eed76a4b5a1734d2174c652daccabc?s=96&d=mm&r=g","height":96,"width":96}},"publisher":{"@type":"Organization","name":"thebouda.cz","logo":{"@type":"ImageObject","@id":"\/logo.png","url":"\/logo.png","width":600,"height":60}},"url":"https:\/\/www.thebouda.cz\/misto-kam-se-budete-radi-vracet\/","wordCount":243,"articleBody":"M\u00e1te r\u00e1di, kdy\u017e se m\u016f\u017eete vracet na m\u00edsta, kde jste pro\u017eili mimo\u0159\u00e1dn\u00e9 chv\u00edle sv\u00e9ho \u017eivota? M\u00e1te r\u00e1di, kdy\u017e m\u00e1te mo\u017enost o\u017eivit sv\u00e9 vzpom\u00ednky? M\u00e1te r\u00e1di, kdy\u017e m\u016f\u017eete doslova vstoupit do historie? Pak, je-li touto mimo\u0159\u00e1dnou chv\u00edl\u00ed pr\u00e1v\u011b s\u0148atek, vyberte pro jeho oslavu m\u00edsto kr\u00e1sn\u00e9, m\u00edsto, kam se budete moci ka\u017ed\u00fd rok vr\u00e1tit a oslavit dal\u0161\u00ed rok spole\u010dn\u00e9ho sou\u017eit\u00ed. Vyberte m\u00edsto takov\u00e9, kde V\u00e1m bude b\u00e1je\u010dn\u011b, kde se budete c\u00edtit jako doma, kde budete h\u00fd\u010dk\u00e1ni. Svatebn\u00ed oslavaje p\u0159ece nejlep\u0161\u00ed v pra\u017esk\u00e9 restauraci Golem.Poh\u00e1dka uprost\u0159ed velkom\u011bstaNavzdory tomu, \u017ee se nach\u00e1z\u00ed v hlavn\u00edm m\u011bst\u011b Praze, m\u00e1te pocit, \u017ee se zde zastavil \u010das, \u017ee jste v poh\u00e1dce. Tento pocit navozuje zejm\u00e9na starobyl\u00fd styl v\u00fdzdoby a za\u0159\u00edzen\u00ed interi\u00e9r\u016f, kter\u00e9 jsou takto pojaty nejen v samotn\u00e9 restauraci, ale tak\u00e9 v p\u0159ilehl\u00e9m stejnojmenn\u00e9m hotelu. I zde se m\u016f\u017eete ve\u010der zachumlat do pe\u0159in z prav\u00e9ho hus\u00edho pe\u0159\u00ed, m\u016f\u017eete nechat postavy z historick\u00fdch obraz\u016f, aby hl\u00eddaly V\u00e1\u0161 sp\u00e1nek. Ale nemus\u00edte se b\u00e1t, \u017ee by u n\u00e1s stra\u0161ilo, doposud se zde \u017e\u00e1dn\u00e9 stra\u0161idlo nezjevuje. Ale kdo v\u00ed, jak to bude z\u00edtra?                                                                                                                                                                                                                                                                                                                                                                                        4.5\/5 - (11 votes)        "},{"@context":"https:\/\/schema.org\/","@type":"BreadcrumbList","itemListElement":[{"@type":"ListItem","position":1,"name":"M\u00edsto, kam se budete r\u00e1di vracet","item":"https:\/\/www.thebouda.cz\/misto-kam-se-budete-radi-vracet\/#breadcrumbitem"}]}]