[{"@context":"https:\/\/schema.org\/","@type":"Article","@id":"https:\/\/www.thebouda.cz\/kdo-je-adela-vomackova\/#Article","mainEntityOfPage":"https:\/\/www.thebouda.cz\/kdo-je-adela-vomackova\/","headline":"Kdo je Ad\u00e9la Vom\u00e1\u010dkov\u00e1","name":"Kdo je Ad\u00e9la Vom\u00e1\u010dkov\u00e1","description":"Milujete origin\u00e1ln\u00ed \u0161perky? J\u00e1 ano. Je to n\u00e1dhern\u00fd dopln\u011bk na\u0161eho od\u011bvu a odr\u00e1\u017e\u00ed se v n\u011bm na\u0161e osobnost, n\u00e1lada i&hellip; <a class=\"read-more\" href=\"https:\/\/www.thebouda.cz\/kdo-je-adela-vomackova\/\">Pokra\u010dovat ve \u010dten\u00ed<\/a>","datePublished":"2021-11-07","dateModified":"2023-05-03","author":{"@type":"Person","@id":"https:\/\/www.thebouda.cz\/author\/#Person","name":"","url":"https:\/\/www.thebouda.cz\/author\/","identifier":1,"image":{"@type":"ImageObject","@id":"https:\/\/secure.gravatar.com\/avatar\/8e6cbe5510d042e6a0b15162e198f2fd22eed76a4b5a1734d2174c652daccabc?s=96&d=mm&r=g","url":"https:\/\/secure.gravatar.com\/avatar\/8e6cbe5510d042e6a0b15162e198f2fd22eed76a4b5a1734d2174c652daccabc?s=96&d=mm&r=g","height":96,"width":96}},"publisher":{"@type":"Organization","name":"thebouda.cz","logo":{"@type":"ImageObject","@id":"\/logo.png","url":"\/logo.png","width":600,"height":60}},"image":{"@type":"ImageObject","@id":"https:\/\/www.thebouda.cz\/wp-content\/uploads\/jewelry-g0f293345d_640.jpg","url":"https:\/\/www.thebouda.cz\/wp-content\/uploads\/jewelry-g0f293345d_640.jpg","height":0,"width":0},"url":"https:\/\/www.thebouda.cz\/kdo-je-adela-vomackova\/","about":["N\u00e1kupy"],"wordCount":420,"articleBody":"       Milujete origin\u00e1ln\u00ed \u0161perky? J\u00e1 ano. Je to n\u00e1dhern\u00fd dopln\u011bk na\u0161eho od\u011bvu a odr\u00e1\u017e\u00ed se v n\u011bm na\u0161e osobnost, n\u00e1lada i vkus. Kvalitn\u00ed \u0161perk, d\u011blan\u00fd s l\u00e1skou je skv\u011bl\u00fdm darem, stejn\u011b jako dobrou investic\u00ed. P\u00e1r slov o m\u011b Adelvomack.com. Zn\u00e1te jm\u00e9no Ad\u00e9la Vom\u00e1\u010dkov\u00e1? \u017de ne? Tak to mus\u00edte jako milovn\u00edci \u0161perk\u016f rychle napravit. Ad\u00e9la Vom\u00e1\u010dkov\u00e1 se narodila roku 1988 v Praze. Proto\u017ee jsem o n\u00ed za\u010dala mluvit ve spojitosti se \u0161perky, zajist\u00e9 tu\u0161\u00edte, co je jej\u00edm nejv\u011bt\u0161\u00edm kon\u00ed\u010dkem. Ano. \u0160perky. Ale na rozd\u00edl od v\u011bt\u0161iny n\u00e1s \u0161perky nejen r\u00e1da nos\u00ed a dost\u00e1v\u00e1, ona je tak\u00e9 vytv\u00e1\u0159\u00ed. A to nejen podl\u00e9 sv\u00fdch n\u00e1vrh\u016f a n\u00e1pad\u016f, ale tak\u00e9 na m\u00edru p\u0159\u00edmo podle Va\u0161ich p\u0159edstav a p\u0159\u00e1n\u00ed. Ad\u00e9la ale nen\u00ed \u017e\u00e1dn\u00fd samouk. Pro spln\u011bn\u00ed sv\u00e9ho snu ud\u011blala opravdu maximum a u\u017e od ml\u00e1d\u00ed d\u011blala v\u0161e proto, aby se jednou mohla \u017eivit t\u00edm co ji bav\u00ed \u2013 tvorbou \u0161perk\u016f. Studia za\u010dala polygrafi\u00ed a oborem zlatn\u00edk, klenotn\u00edk. Pokra\u010dovala v Plzni na fakult\u011b designu a um\u011bn\u00ed Ladislava Sutnara oborem design kovu a \u0161perku a sv\u00e1 studia zavr\u0161ila na \u0161kole v Barcelon\u011b, kde rovn\u011b\u017e studovala design \u0161perku. Ad\u00e9la Vom\u00e1\u010dkov\u00e1 nevn\u00edm\u00e1 \u0161perky jen jako kus zlata, nebo jin\u00e9ho drah\u00e9ho kovu. A jejich tvorbu nepova\u017euje jen za n\u011bjak\u00fd zdroj financ\u00ed. D\u00edv\u00e1 se mnohem d\u00e1l za obzor. Hled\u00e1 prapodstatu v\u011bc\u00ed a lidsk\u00e9 existence. Ka\u017ed\u00fd kousek \u0161perku vn\u00edm\u00e1 jako origin\u00e1l, kter\u00fd jde ruku v ruce s \u017eivotn\u00edm p\u0159\u00edb\u011bhem jeho nositele. A to je v \u010cesk\u00e9 republice opravdu nev\u0161edn\u00ed, origin\u00e1ln\u00ed a p\u0159elomov\u00e9 vn\u00edm\u00e1n\u00ed \u0161perk\u016f. Pr\u00e1v\u011b kv\u016fli originalit\u011b a hlub\u0161\u00edmu poselstv\u00ed up\u0159ednost\u0148uje Ad\u00e9la osobn\u00ed setk\u00e1n\u00ed s \u010dlov\u011bkem, kter\u00fd si \u0161perk objedn\u00e1v\u00e1. U\u017e jen tento samotn\u00fd p\u0159\u00edstup je tak n\u00e1dhern\u00fd a hlubok\u00fd, \u017ee m\u00e1 \u010dlov\u011bk chu\u0165 si hned n\u011bjak\u00fd \u0161perk nechat na m\u00edru ud\u011blat. A co teprve ty n\u00e1dhern\u00e9 kousky, kter\u00e9 tvo\u0159\u00ed. Nev\u00e1hejte a pod\u00edvejte se na origin\u00e1ln\u00ed \u0161perky. Najdete zde informace o Ad\u00e9le Vom\u00e1\u010dkov\u00e9, nab\u00eddku i s cen\u00edkem a informace o tom, jak postupovat, pokud chcete zvolit origin\u00e1ln\u00ed \u0161perk na m\u00edru.                                                                                                                                                                                                                                                                                                                                                                                           4.2\/5 - (6 votes)        "},{"@context":"https:\/\/schema.org\/","@type":"BreadcrumbList","itemListElement":[{"@type":"ListItem","position":1,"name":"Kdo je Ad\u00e9la Vom\u00e1\u010dkov\u00e1","item":"https:\/\/www.thebouda.cz\/kdo-je-adela-vomackova\/#breadcrumbitem"}]}]