[{"@context":"https:\/\/schema.org\/","@type":"Article","@id":"https:\/\/www.thebouda.cz\/detske-sedaci-vaky-pro-velke-male-i-ty-nejmensi\/#Article","mainEntityOfPage":"https:\/\/www.thebouda.cz\/detske-sedaci-vaky-pro-velke-male-i-ty-nejmensi\/","headline":"D\u011btsk\u00e9 sedac\u00ed vaky pro velk\u00e9, mal\u00e9 i ty nejmen\u0161\u00ed","name":"D\u011btsk\u00e9 sedac\u00ed vaky pro velk\u00e9, mal\u00e9 i ty nejmen\u0161\u00ed","description":"Jedn\u00e1 se o velice funk\u010dn\u00ed v\u00fdrobek, kter\u00fd je doporu\u010dov\u00e1n i ze strany l\u00e9ka\u0159\u016f, fyzioterapeut\u016f a odborn\u00edk\u016f na zdrav\u00fd \u017eivotn\u00ed styl.&hellip; <a class=\"read-more\" href=\"https:\/\/www.thebouda.cz\/detske-sedaci-vaky-pro-velke-male-i-ty-nejmensi\/\">Pokra\u010dovat ve \u010dten\u00ed<\/a>","datePublished":"2018-10-06","dateModified":"2023-05-03","author":{"@type":"Person","@id":"https:\/\/www.thebouda.cz\/author\/#Person","name":"","url":"https:\/\/www.thebouda.cz\/author\/","identifier":1,"image":{"@type":"ImageObject","@id":"https:\/\/secure.gravatar.com\/avatar\/8e6cbe5510d042e6a0b15162e198f2fd22eed76a4b5a1734d2174c652daccabc?s=96&d=mm&r=g","url":"https:\/\/secure.gravatar.com\/avatar\/8e6cbe5510d042e6a0b15162e198f2fd22eed76a4b5a1734d2174c652daccabc?s=96&d=mm&r=g","height":96,"width":96}},"publisher":{"@type":"Organization","name":"thebouda.cz","logo":{"@type":"ImageObject","@id":"\/logo.png","url":"\/logo.png","width":600,"height":60}},"image":{"@type":"ImageObject","@id":"https:\/\/www.thebouda.cz\/wp-content\/uploads\/img_a327461_w2445_t1539767750.png","url":"https:\/\/www.thebouda.cz\/wp-content\/uploads\/img_a327461_w2445_t1539767750.png","height":0,"width":0},"url":"https:\/\/www.thebouda.cz\/detske-sedaci-vaky-pro-velke-male-i-ty-nejmensi\/","about":["N\u00e1kupy"],"wordCount":444,"articleBody":"          Jedn\u00e1 se o velice funk\u010dn\u00ed v\u00fdrobek, kter\u00fd je doporu\u010dov\u00e1n i ze strany l\u00e9ka\u0159\u016f, fyzioterapeut\u016f a odborn\u00edk\u016f na zdrav\u00fd \u017eivotn\u00ed styl. Vzhledem k absenci ostr\u00fdch \u010d\u00e1st\u00ed jsou d\u011btsk\u00e9 sedac\u00ed vaky zcela bezpe\u010dn\u00e9. Z nab\u00eddky sortimentu je mo\u017eno vyb\u00edrat d\u011btsk\u00e9 sedac\u00ed vaky dle tvaru a velikosti. Nejedn\u00e1 se jen o estetick\u00fd designov\u00fd prvek do d\u011btsk\u00e9ho pokoje, ale zejm\u00e9na jde o velice praktick\u00fd v\u00fdrobek. Tento kus n\u00e1bytku je obl\u00edben i ve \u0161kolk\u00e1ch, \u0161kol\u00e1ch, \u0161koln\u00edch dru\u017ein\u00e1ch a vyu\u017eit\u00ed nach\u00e1z\u00ed i v jin\u00fdch d\u011btsk\u00fdch za\u0159\u00edzen\u00edch.Maxim\u00e1ln\u00ed komfort Vaky jsou velice pohodln\u00e9 a to d\u00edky jejich tvarovatelnosti, kter\u00e1 poskytuje z\u00e1rove\u0148 zdrav\u00e9 sezen\u00ed. Dokonce se jedn\u00e1 o zdrav\u011bj\u0161\u00ed variantu sezen\u00ed ne\u017e na klasick\u00e9 \u017eidli. D\u011bti tak mohou vak vyu\u017e\u00edt nejen k sezen\u00ed, ale k odpo\u010dinku, pro relax p\u0159i sledov\u00e1n\u00ed televize nebo p\u0159i \u010dten\u00ed knihy apod. Ti nejmen\u0161\u00ed maj\u00ed vak coby hrav\u00fd kus n\u00e1bytku, na kter\u00e9m mohou sk\u00e1kat a takt\u00e9\u017e si dop\u0159\u00e1t sp\u00e1nek po ob\u011bd\u011b. Jedn\u00e1 se o velice skv\u011bl\u00fd, stylov\u00fd a nad\u010dasov\u00fd dopln\u011bk do d\u011btsk\u00e9ho pokoje. Pozitivn\u00ed je, \u017ee se odpo\u010dinek, sezen\u00ed \u010di hran\u00ed d\u00edt\u011bti neomrz\u00ed. Vak je pro n\u011b interesantn\u00ed z\u00e1le\u017eitost\u00ed. M\u016f\u017ee se jednat i o praktickou pom\u016fcku, jak doc\u00edlit toho, aby d\u00edt\u011b \u0161lo po ob\u011bd\u011b r\u00e1do a bez odmlouv\u00e1n\u00ed sp\u00e1t.Dopln\u011bk do interi\u00e9ru i exteri\u00e9ru Vaky lze vyu\u017e\u00edt nejen v d\u011btsk\u00e9m pokoji, ale d\u011bti si je mohou u\u017e\u00edt i na terase \u010di na zahrad\u011b. V\u0161e se odv\u00edj\u00ed od materi\u00e1lu, ze kter\u00e9ho je tento praktick\u00fd dopln\u011bk vyroben. Prioritou je, \u017ee vaky se zcela p\u0159izp\u016fsob\u00ed k\u0159ivk\u00e1m lidsk\u00e9ho t\u011bla. T\u00edm je tak zaji\u0161t\u011bna perfektn\u00ed opora pro z\u00e1da. Neopomenuteln\u00fd je ok\u00e1zal\u00fd design a velmi kvalitn\u00ed zpracov\u00e1n\u00ed. D\u00edky tomu se jedn\u00e1 o velice efektivn\u00ed m\u00edsto pro sledov\u00e1n\u00ed televize \u010di jen pro pot\u0159ebn\u00fd a zdrav\u00fd odpo\u010dinek. Dov\u00e1d\u011bt, v\u00e1let se, skota\u010dit, hr\u00e1t si, relaxovat, sp\u00e1t, to v\u0161e lze a je\u0161t\u011b je to zcela bezpe\u010dn\u00e9. Tyto \u010dinnosti s d\u011btsk\u00fdm vakem jsou tak\u00e9 v\u00edce p\u0159\u00edjemn\u011bj\u0161\u00ed a komfortn\u011bj\u0161\u00ed. Kladnou str\u00e1nkou je i celkem snadn\u00e1 \u00fadr\u017eba. Dle designu a p\u0159edev\u0161\u00edm na z\u00e1klad\u011b barevn\u00e9ho proveden\u00ed lze vybrat dokonal\u00fd vak pro holky \u010di kluky.                                                                                                                                                                                                                                                                                                                                                                                          5\/5 - (5 votes)        "},{"@context":"https:\/\/schema.org\/","@type":"BreadcrumbList","itemListElement":[{"@type":"ListItem","position":1,"name":"D\u011btsk\u00e9 sedac\u00ed vaky pro velk\u00e9, mal\u00e9 i ty nejmen\u0161\u00ed","item":"https:\/\/www.thebouda.cz\/detske-sedaci-vaky-pro-velke-male-i-ty-nejmensi\/#breadcrumbitem"}]}]